{"id":1020,"date":"2026-07-16T16:31:13","date_gmt":"2026-07-16T14:31:13","guid":{"rendered":"http:\/\/gruene-gruenberg.de\/wordpress\/?p=1020"},"modified":"2026-07-17T11:26:54","modified_gmt":"2026-07-17T09:26:54","slug":"unser-einsatz-fuer-ein-umfassendes-verkehrskonzept-fuer-die-gruenberger-innenstadt","status":"publish","type":"post","link":"http:\/\/gruene-gruenberg.de\/wordpress\/unser-einsatz-fuer-ein-umfassendes-verkehrskonzept-fuer-die-gruenberger-innenstadt\/","title":{"rendered":"Unser Einsatz f\u00fcr ein umfassendes Verkehrskonzept f\u00fcr die Gr\u00fcnberger Innenstadt"},"content":{"rendered":"\n<p class=\"wp-block-paragraph\">B\u00fcndnis 90\/Die Gr\u00fcnen bringen mit der SPD Gr\u00fcnberg einen Antrag f\u00fcr ein umfassendes Verkehrskonzept f\u00fcr die Gr\u00fcnberger Innenstadt auf den Weg.<\/p>\n\n\n\n<p class=\"wp-block-paragraph\"><a href=\"http:\/\/gruene-gruenberg.de\/wordpress\/wp-content\/uploads\/2026\/07\/PM_Marktplatz_SPD_Gruene.pdf\">Weiter lesen<\/a><\/p>\n\n\n\n<p class=\"wp-block-paragraph\"><\/p>\n","protected":false},"excerpt":{"rendered":"<p>B\u00fcndnis 90\/Die Gr\u00fcnen bringen mit der SPD Gr\u00fcnberg einen Antrag f\u00fcr ein umfassendes Verkehrskonzept f\u00fcr die Gr\u00fcnberger Innenstadt auf den Weg. Weiter lesen<\/p>\n","protected":false},"author":2,"featured_media":1025,"comment_status":"closed","ping_status":"open","sticky":true,"template":"","format":"standard","meta":{"footnotes":""},"categories":[1],"tags":[12],"class_list":["post-1020","post","type-post","status-publish","format-standard","has-post-thumbnail","hentry","category-allgemein","tag-verkehr"],"_links":{"self":[{"href":"http:\/\/gruene-gruenberg.de\/wordpress\/wp-json\/wp\/v2\/posts\/1020","targetHints":{"allow":["GET"]}}],"collection":[{"href":"http:\/\/gruene-gruenberg.de\/wordpress\/wp-json\/wp\/v2\/posts"}],"about":[{"href":"http:\/\/gruene-gruenberg.de\/wordpress\/wp-json\/wp\/v2\/types\/post"}],"author":[{"embeddable":true,"href":"http:\/\/gruene-gruenberg.de\/wordpress\/wp-json\/wp\/v2\/users\/2"}],"replies":[{"embeddable":true,"href":"http:\/\/gruene-gruenberg.de\/wordpress\/wp-json\/wp\/v2\/comments?post=1020"}],"version-history":[{"count":2,"href":"http:\/\/gruene-gruenberg.de\/wordpress\/wp-json\/wp\/v2\/posts\/1020\/revisions"}],"predecessor-version":[{"id":1023,"href":"http:\/\/gruene-gruenberg.de\/wordpress\/wp-json\/wp\/v2\/posts\/1020\/revisions\/1023"}],"wp:featuredmedia":[{"embeddable":true,"href":"http:\/\/gruene-gruenberg.de\/wordpress\/wp-json\/wp\/v2\/media\/1025"}],"wp:attachment":[{"href":"http:\/\/gruene-gruenberg.de\/wordpress\/wp-json\/wp\/v2\/media?parent=1020"}],"wp:term":[{"taxonomy":"category","embeddable":true,"href":"http:\/\/gruene-gruenberg.de\/wordpress\/wp-json\/wp\/v2\/categories?post=1020"},{"taxonomy":"post_tag","embeddable":true,"href":"http:\/\/gruene-gruenberg.de\/wordpress\/wp-json\/wp\/v2\/tags?post=1020"}],"curies":[{"name":"wp","href":"https:\/\/api.w.org\/{rel}","templated":true}]}}